{"id":782,"date":"2023-05-12T11:43:28","date_gmt":"2023-05-12T11:43:28","guid":{"rendered":"https:\/\/opeixblau.com\/?p=782"},"modified":"2023-05-12T11:43:28","modified_gmt":"2023-05-12T11:43:28","slug":"creix-la-indignacio-dels-pescadors-dencerclament-de-catalunya-que-perceben-una-destacable-presencia-de-tonyina-vermella-des-de-2020-sense-que-sels-permeti-pescar-la","status":"publish","type":"post","link":"https:\/\/opeixblau.com\/es\/2023\/05\/12\/creix-la-indignacio-dels-pescadors-dencerclament-de-catalunya-que-perceben-una-destacable-presencia-de-tonyina-vermella-des-de-2020-sense-que-sels-permeti-pescar-la\/","title":{"rendered":"Creix la indignaci\u00f3 dels pescadors d&#8217;encerclament de Catalunya, que perceben una destacable pres\u00e8ncia de tonyina vermella des de 2020 sense que se&#8217;ls permeti pescar-la."},"content":{"rendered":"\n<p>\u2022 Setze vaixells d&#8217;encerclament de ports catalans, membres de l&#8217;Organitzaci\u00f3 de Productors Pesquers Peix Blau de Catalunya, expressen la seva indignaci\u00f3 a causa de la prohibici\u00f3 de pesca de tonyina imposada per les legislacions pesqueres.<\/p>\n\n\n\n<p>Girona, 9 de maig. Malgrat la costa est\u00e0 plena de tonyines i aix\u00ed ho avala un informe cient\u00edfic publicat al 2020 per la Generalitat (ICATMAR, 20-03), les autoritats no permeten pescar-les, la qual cosa deixa als pescadors locals d&#8217;encerclament en un dif\u00edcil escenari.<\/p>\n\n\n\n<p>La interacci\u00f3 d&#8217;aquesta esp\u00e8cie amb la pesca d&#8217;encerclament \u00e9s inevitable a causa de la depredaci\u00f3 existent entre esp\u00e8cies pel\u00e0giques de diferent nivell tr\u00f2fic, cosa que ocasiona danys en els arts de pesca i en les captures de peix blau, amb la conseq\u00fcent disminuci\u00f3 de la qualitat i el preu d&#8217;aquestes \u00faltimes.<\/p>\n\n\n\n<p>Els pescadors alcen la seva veu per a manifestar el que consideren un greu context de desemparament: Mentre a ells se&#8217;ls restringeixen les quotes de pesca de petits pel\u00e0gics, al\u00b7legant les autoritats raons com la sostenibilitat de les pesqueres i la disminuci\u00f3 quantitativa d&#8217;aquestes esp\u00e8cies al Mediterrani, les mateixes autoritats prohibeixen als pescadors capturar les tonyines que es mengen els petits pel\u00e0gics. Donant-se aix\u00ed un contrasentit que est\u00e0 protagonitzant el dia a dia del litoral catal\u00e0 actual.<\/p>\n\n\n\n<p>Els mariners afectats insten que se&#8217;ls permeti la captura d&#8217;almenys un exemplar de tonyina per vaixell i dia, sense detriment de les quotes assignades a altres modalitats.\u00a0 D&#8217;aquesta manera continuaria havent-hi multitud d&#8217;aquests peixos per\u00f2 es reduiria una mica el negatiu impacte que produeixen en el sector.<\/p>\n\n\n\n<p>Fins avui, no se&#8217;ls ha concedit i continua formant part d&#8217;una lluita amb espurnes d&#8217;esperan\u00e7a de que es millori en un futur la situaci\u00f3.<\/p>\n\n\n\n<figure class=\"wp-block-image size-large\"><img loading=\"lazy\" decoding=\"async\" width=\"1024\" height=\"683\" src=\"https:\/\/opeixblau.com\/wp-content\/uploads\/2023\/05\/fotografia_atun-1024x683.jpeg\" alt=\"\" class=\"wp-image-783\" srcset=\"https:\/\/opeixblau.com\/wp-content\/uploads\/2023\/05\/fotografia_atun-1024x683.jpeg 1024w, https:\/\/opeixblau.com\/wp-content\/uploads\/2023\/05\/fotografia_atun-300x200.jpeg 300w, https:\/\/opeixblau.com\/wp-content\/uploads\/2023\/05\/fotografia_atun-768x512.jpeg 768w, https:\/\/opeixblau.com\/wp-content\/uploads\/2023\/05\/fotografia_atun-1536x1024.jpeg 1536w, https:\/\/opeixblau.com\/wp-content\/uploads\/2023\/05\/fotografia_atun.jpeg 1600w\" sizes=\"auto, (max-width: 1024px) 100vw, 1024px\" \/><\/figure>\n","protected":false},"excerpt":{"rendered":"<p>\u2022 Setze vaixells d&#8217;encerclament de ports catalans, membres de l&#8217;Organitzaci\u00f3 de Productors Pesquers Peix Blau de Catalunya, expressen la seva indignaci\u00f3 a causa de la prohibici\u00f3 de pesca de tonyina imposada per les legislacions pesqueres. Girona, 9 de maig. Malgrat &hellip; <a href=\"https:\/\/opeixblau.com\/es\/2023\/05\/12\/creix-la-indignacio-dels-pescadors-dencerclament-de-catalunya-que-perceben-una-destacable-presencia-de-tonyina-vermella-des-de-2020-sense-que-sels-permeti-pescar-la\/\">Continuar<\/a><\/p>\n","protected":false},"author":1,"featured_media":783,"comment_status":"closed","ping_status":"closed","sticky":false,"template":"","format":"standard","meta":{"kt_blocks_editor_width":"","footnotes":""},"categories":[6],"tags":[],"class_list":["post-782","post","type-post","status-publish","format-standard","has-post-thumbnail","hentry","category-noticias"],"_links":{"self":[{"href":"https:\/\/opeixblau.com\/es\/wp-json\/wp\/v2\/posts\/782","targetHints":{"allow":["GET"]}}],"collection":[{"href":"https:\/\/opeixblau.com\/es\/wp-json\/wp\/v2\/posts"}],"about":[{"href":"https:\/\/opeixblau.com\/es\/wp-json\/wp\/v2\/types\/post"}],"author":[{"embeddable":true,"href":"https:\/\/opeixblau.com\/es\/wp-json\/wp\/v2\/users\/1"}],"replies":[{"embeddable":true,"href":"https:\/\/opeixblau.com\/es\/wp-json\/wp\/v2\/comments?post=782"}],"version-history":[{"count":1,"href":"https:\/\/opeixblau.com\/es\/wp-json\/wp\/v2\/posts\/782\/revisions"}],"predecessor-version":[{"id":784,"href":"https:\/\/opeixblau.com\/es\/wp-json\/wp\/v2\/posts\/782\/revisions\/784"}],"wp:featuredmedia":[{"embeddable":true,"href":"https:\/\/opeixblau.com\/es\/wp-json\/wp\/v2\/media\/783"}],"wp:attachment":[{"href":"https:\/\/opeixblau.com\/es\/wp-json\/wp\/v2\/media?parent=782"}],"wp:term":[{"taxonomy":"category","embeddable":true,"href":"https:\/\/opeixblau.com\/es\/wp-json\/wp\/v2\/categories?post=782"},{"taxonomy":"post_tag","embeddable":true,"href":"https:\/\/opeixblau.com\/es\/wp-json\/wp\/v2\/tags?post=782"}],"curies":[{"name":"wp","href":"https:\/\/api.w.org\/{rel}","templated":true}]}}