{"id":812,"date":"2023-05-31T11:24:10","date_gmt":"2023-05-31T11:24:10","guid":{"rendered":"https:\/\/opeixblau.com\/?p=812"},"modified":"2023-05-31T11:24:11","modified_gmt":"2023-05-31T11:24:11","slug":"lopp87-organitza-una-excursio-amb-5e-i-6e-de-primaria-de-lescola-brianxa-de-tordera","status":"publish","type":"post","link":"https:\/\/opeixblau.com\/es\/2023\/05\/31\/lopp87-organitza-una-excursio-amb-5e-i-6e-de-primaria-de-lescola-brianxa-de-tordera\/","title":{"rendered":"L\u00b4OPP87 organitza una excursi\u00f3 amb 5\u00e8 i 6\u00e8 de prim\u00e0ria de l&#8217;escola Brianxa de Tordera"},"content":{"rendered":"\n<p>Des de l&#8217;OPP87 han organitzat una excursi\u00f3 amb 5\u00e8 i 6\u00e8 de prim\u00e0ria de l&#8217;escola Brianxa de Tordera.<\/p>\n\n\n\n<p>Una jornada completa en la que han explicat a les petites i petits qu\u00e8 \u00e9s una OPP, qui som, els hi han transm\u00e8s la riquesa del nostre mar Mediterrani i la import\u00e0ncia de consumir el nostre peix.<\/p>\n\n\n\n<p>A m\u00e9s, tamb\u00e9 han tingut l&#8217;oportunitat de con\u00e8ixer com i de quina manera pesquen els vaixells de la OPP Peix blau de Catalunya, i la qualitat dels nostres productes.<\/p>\n\n\n\n<p>A m\u00e9s, els han preparat un joc espec\u00edfic de l&#8217;OPP per a que captessin les idees principals de forma amena i enmig de rialles.<\/p>\n\n\n\n<p>Ha estat un mat\u00ed divertit per a ells i per a nosaltres, ple d&#8217;aprenentatge i de bons moments.<\/p>\n\n\n\n<figure class=\"wp-block-image size-large\"><img loading=\"lazy\" decoding=\"async\" width=\"1024\" height=\"768\" src=\"https:\/\/opeixblau.com\/wp-content\/uploads\/2023\/05\/foto_2-1024x768.jpeg\" alt=\"\" class=\"wp-image-813\" srcset=\"https:\/\/opeixblau.com\/wp-content\/uploads\/2023\/05\/foto_2-1024x768.jpeg 1024w, https:\/\/opeixblau.com\/wp-content\/uploads\/2023\/05\/foto_2-300x225.jpeg 300w, https:\/\/opeixblau.com\/wp-content\/uploads\/2023\/05\/foto_2-768x576.jpeg 768w, https:\/\/opeixblau.com\/wp-content\/uploads\/2023\/05\/foto_2-1536x1152.jpeg 1536w, https:\/\/opeixblau.com\/wp-content\/uploads\/2023\/05\/foto_2.jpeg 2000w\" sizes=\"auto, (max-width: 1024px) 100vw, 1024px\" \/><\/figure>\n","protected":false},"excerpt":{"rendered":"<p>Des de l&#8217;OPP87 han organitzat una excursi\u00f3 amb 5\u00e8 i 6\u00e8 de prim\u00e0ria de l&#8217;escola Brianxa de Tordera. Una jornada completa en la que han explicat a les petites i petits qu\u00e8 \u00e9s una OPP, qui som, els hi han &hellip; <a href=\"https:\/\/opeixblau.com\/es\/2023\/05\/31\/lopp87-organitza-una-excursio-amb-5e-i-6e-de-primaria-de-lescola-brianxa-de-tordera\/\">Continuar<\/a><\/p>\n","protected":false},"author":1,"featured_media":813,"comment_status":"closed","ping_status":"closed","sticky":false,"template":"","format":"standard","meta":{"kt_blocks_editor_width":"","footnotes":""},"categories":[8,6],"tags":[],"class_list":["post-812","post","type-post","status-publish","format-standard","has-post-thumbnail","hentry","category-notas-de-prensa","category-noticias"],"_links":{"self":[{"href":"https:\/\/opeixblau.com\/es\/wp-json\/wp\/v2\/posts\/812","targetHints":{"allow":["GET"]}}],"collection":[{"href":"https:\/\/opeixblau.com\/es\/wp-json\/wp\/v2\/posts"}],"about":[{"href":"https:\/\/opeixblau.com\/es\/wp-json\/wp\/v2\/types\/post"}],"author":[{"embeddable":true,"href":"https:\/\/opeixblau.com\/es\/wp-json\/wp\/v2\/users\/1"}],"replies":[{"embeddable":true,"href":"https:\/\/opeixblau.com\/es\/wp-json\/wp\/v2\/comments?post=812"}],"version-history":[{"count":1,"href":"https:\/\/opeixblau.com\/es\/wp-json\/wp\/v2\/posts\/812\/revisions"}],"predecessor-version":[{"id":814,"href":"https:\/\/opeixblau.com\/es\/wp-json\/wp\/v2\/posts\/812\/revisions\/814"}],"wp:featuredmedia":[{"embeddable":true,"href":"https:\/\/opeixblau.com\/es\/wp-json\/wp\/v2\/media\/813"}],"wp:attachment":[{"href":"https:\/\/opeixblau.com\/es\/wp-json\/wp\/v2\/media?parent=812"}],"wp:term":[{"taxonomy":"category","embeddable":true,"href":"https:\/\/opeixblau.com\/es\/wp-json\/wp\/v2\/categories?post=812"},{"taxonomy":"post_tag","embeddable":true,"href":"https:\/\/opeixblau.com\/es\/wp-json\/wp\/v2\/tags?post=812"}],"curies":[{"name":"wp","href":"https:\/\/api.w.org\/{rel}","templated":true}]}}