{"id":823,"date":"2023-07-21T09:06:05","date_gmt":"2023-07-21T09:06:05","guid":{"rendered":"https:\/\/opeixblau.com\/?p=823"},"modified":"2023-07-21T09:08:16","modified_gmt":"2023-07-21T09:08:16","slug":"la-patrona-dels-mariners","status":"publish","type":"post","link":"https:\/\/opeixblau.com\/es\/2023\/07\/21\/la-patrona-dels-mariners\/","title":{"rendered":"Des de l&#8217;OPP peix blau aplaudim els \u00abespetos de sardina\u00bb"},"content":{"rendered":"\n<p>Els \u00abespetos de sardina\u00bb s\u00f3n una tradici\u00f3 culin\u00e0ria molt popular a Andalusia, especialment a la costa, on es gaudeix de la riquesa del mar. Aquesta deliciosa preparaci\u00f3 consisteix a enfilar sardines fresques en una canya o vareta d&#8217;espart i rostir-les a la graella sobre brases de llenya, la qual cosa els proporciona un sabor fumat i exquisit. L'\u00bbespeto de sardina\u00bb \u00e9s una forma senzilla i aut\u00e8ntica de gaudir d&#8217;aquest peix, destacant-ne la frescor i qualitats naturals.<\/p>\n\n\n\n<p>La tradici\u00f3 dels \u00abespetos\u00bb de sardina es remunta a segles enrere, i avui dia s\u00f3n una part essencial de la cultura gastron\u00f2mica andalusa. S&#8217;acostumen a gaudir en xiringuitos i restaurants prop de la platja, creant un ambient \u00fanic i acollidor. Aquesta forma de cuinar les sardines posa de manifest la senzillesa de la recepta, on el sabor del peix es mant\u00e9 al centre de l&#8217;experi\u00e8ncia culin\u00e0ria.<\/p>\n\n\n\n<p>Traslladant aquesta tradici\u00f3 a Catalunya, seria meravell\u00f3s poder adaptar-la als peixos blaus t\u00edpics d&#8217;aquesta regi\u00f3. Catalunya compta amb una rica varietat de peix blau. Igual que a Andalusia, la costa catalana \u00e9s rica en recursos pesquers, i popularitzar els \u00abespetos\u00bb de peix blau de Catalunya seria una manera fant\u00e0stica de destacar els sabors locals i vetllar pel producte d&#8217;aqu\u00ed i pels treballadors dels nostres ports.<\/p>\n\n\n\n<p>A m\u00e9s a m\u00e9s, pensem que la promoci\u00f3 dels \u00abespetos\u00bb de peix blau de Catalunya podria ajudar a potenciar el turisme gastron\u00f2mic a Catalunya, atreure els amants de la cuina i permetre&#8217;ls descobrir els tresors del mar Mediterrani.<\/p>\n\n\n\n<p>Ens ha omplert d&#8217;il\u2022lusi\u00f3 trobar-ne en un poble catal\u00e0, amb peix dels nostres pescadors.<\/p>\n\n\n\n<figure class=\"wp-block-image size-large\"><img loading=\"lazy\" decoding=\"async\" width=\"771\" height=\"1024\" src=\"https:\/\/opeixblau.com\/wp-content\/uploads\/2023\/07\/WhatsApp-Image-2023-07-17-at-21.20.09-1-771x1024.jpeg\" alt=\"\" class=\"wp-image-824\" srcset=\"https:\/\/opeixblau.com\/wp-content\/uploads\/2023\/07\/WhatsApp-Image-2023-07-17-at-21.20.09-1-771x1024.jpeg 771w, https:\/\/opeixblau.com\/wp-content\/uploads\/2023\/07\/WhatsApp-Image-2023-07-17-at-21.20.09-1-226x300.jpeg 226w, https:\/\/opeixblau.com\/wp-content\/uploads\/2023\/07\/WhatsApp-Image-2023-07-17-at-21.20.09-1-768x1021.jpeg 768w, https:\/\/opeixblau.com\/wp-content\/uploads\/2023\/07\/WhatsApp-Image-2023-07-17-at-21.20.09-1-1156x1536.jpeg 1156w, https:\/\/opeixblau.com\/wp-content\/uploads\/2023\/07\/WhatsApp-Image-2023-07-17-at-21.20.09-1.jpeg 1204w\" sizes=\"auto, (max-width: 771px) 100vw, 771px\" \/><\/figure>\n","protected":false},"excerpt":{"rendered":"<p>Els \u00abespetos de sardina\u00bb s\u00f3n una tradici\u00f3 culin\u00e0ria molt popular a Andalusia, especialment a la costa, on es gaudeix de la riquesa del mar. Aquesta deliciosa preparaci\u00f3 consisteix a enfilar sardines fresques en una canya o vareta d&#8217;espart i rostir-les &hellip; <a href=\"https:\/\/opeixblau.com\/es\/2023\/07\/21\/la-patrona-dels-mariners\/\">Continuar<\/a><\/p>\n","protected":false},"author":1,"featured_media":824,"comment_status":"closed","ping_status":"closed","sticky":false,"template":"","format":"standard","meta":{"kt_blocks_editor_width":"","footnotes":""},"categories":[6],"tags":[],"class_list":["post-823","post","type-post","status-publish","format-standard","has-post-thumbnail","hentry","category-noticias"],"_links":{"self":[{"href":"https:\/\/opeixblau.com\/es\/wp-json\/wp\/v2\/posts\/823","targetHints":{"allow":["GET"]}}],"collection":[{"href":"https:\/\/opeixblau.com\/es\/wp-json\/wp\/v2\/posts"}],"about":[{"href":"https:\/\/opeixblau.com\/es\/wp-json\/wp\/v2\/types\/post"}],"author":[{"embeddable":true,"href":"https:\/\/opeixblau.com\/es\/wp-json\/wp\/v2\/users\/1"}],"replies":[{"embeddable":true,"href":"https:\/\/opeixblau.com\/es\/wp-json\/wp\/v2\/comments?post=823"}],"version-history":[{"count":2,"href":"https:\/\/opeixblau.com\/es\/wp-json\/wp\/v2\/posts\/823\/revisions"}],"predecessor-version":[{"id":827,"href":"https:\/\/opeixblau.com\/es\/wp-json\/wp\/v2\/posts\/823\/revisions\/827"}],"wp:featuredmedia":[{"embeddable":true,"href":"https:\/\/opeixblau.com\/es\/wp-json\/wp\/v2\/media\/824"}],"wp:attachment":[{"href":"https:\/\/opeixblau.com\/es\/wp-json\/wp\/v2\/media?parent=823"}],"wp:term":[{"taxonomy":"category","embeddable":true,"href":"https:\/\/opeixblau.com\/es\/wp-json\/wp\/v2\/categories?post=823"},{"taxonomy":"post_tag","embeddable":true,"href":"https:\/\/opeixblau.com\/es\/wp-json\/wp\/v2\/tags?post=823"}],"curies":[{"name":"wp","href":"https:\/\/api.w.org\/{rel}","templated":true}]}}